{"id":491,"date":"2022-01-30T05:05:00","date_gmt":"2022-01-30T05:05:00","guid":{"rendered":"http:\/\/108.160.146.132\/~uedawi\/?p=491"},"modified":"2022-03-28T18:49:59","modified_gmt":"2022-03-28T18:49:59","slug":"new-year-greetings-from-ueda","status":"publish","type":"post","link":"https:\/\/www.uedawi.org\/es\/news-and-events\/new-year-greetings-from-ueda\/","title":{"rendered":"Reflexionando sobre el 2021, Mirando hacia el A\u00f1o Nuevo en UEDA"},"content":{"rendered":"<p><span style=\"font-weight: 400;\">A fines de 2021, reflexionamos sobre el trabajo inspirador del que formamos parte en la Comunidad UEDA, aprovechamos la oportunidad para agradecer a nuestros miembros y socios, y compartimos nuestro optimismo sobre qu\u00e9 esperar en 2022.\u00a0 <\/span><a href=\"https:\/\/youtu.be\/feZg7uStB5o\" target=\"_blank\" rel=\"noopener\"><span style=\"font-weight: 400;\">Vea nuestro mensaje de video de A\u00f1o Nuevo aqu\u00ed<\/span><\/a><span style=\"font-weight: 400;\">.<\/span><\/p>\n<p><span style=\"font-weight: 400;\">Tambi\u00e9n lo invitamos a ver nuestro <a href=\"https:\/\/www.uedawi.org\/wp-content\/uploads\/2022\/01\/2021-UEDA-Impact-Report.pdf\" target=\"_blank\" rel=\"noopener\">Informe de impacto de la UEDA 2021<\/a><\/span> <span style=\"font-weight: 400;\">y nuestro <a href=\"https:\/\/www.uedawi.org\/wp-content\/uploads\/2022\/01\/UEDA-2021-Year-End-Report.pdf\" target=\"_blank\" rel=\"noopener\">Presentaci\u00f3n de diapositivas de revisi\u00f3n anual de UEDA 2021<\/a><\/span><span style=\"font-weight: 400;\">, <\/span><span style=\"font-weight: 400;\">que resume los programas, actividades y eventos del a\u00f1o pasado. Ayudamos a aumentar la colaboraci\u00f3n, la capacidad y las conexiones en el sector de desarrollo econ\u00f3mico y comunitario a trav\u00e9s de:<\/span><\/p>\n<ul>\n<li style=\"font-weight: 400;\" aria-level=\"1\"><span style=\"font-weight: 400;\">Crecimiento de nuestra red de miembros por 8% y m\u00e1s personas y grupos participando en nuestros programas y eventos.<\/span><\/li>\n<\/ul>\n<ul>\n<li style=\"font-weight: 400;\" aria-level=\"1\"><span style=\"font-weight: 400;\">Un aumento de 42% a\u00f1o tras a\u00f1o en seminarios web\/eventos educativos y de divulgaci\u00f3n en todos los programas, llegando a 1100 personas y conect\u00e1ndolas con informaci\u00f3n y recursos relacionados con problemas cr\u00edticos de vivienda, comunidad y desarrollo econ\u00f3mico.<\/span><\/li>\n<\/ul>\n<ul>\n<li style=\"font-weight: 400;\" aria-level=\"1\"><span style=\"font-weight: 400;\">El d\u00e9cimo aniversario de nuestro programa de sostenibilidad de propiedad de vivienda, <a href=\"https:\/\/takerootmilwaukee.com\/\" target=\"_blank\" rel=\"noopener\">Echa ra\u00edces en Milwaukee<\/a>, y el continuo crecimiento de nuestra <a href=\"https:\/\/bankonmilwaukee.org\/\" target=\"_blank\" rel=\"noopener\">banco en el \u00e1rea metropolitana de milwaukee<\/a> coalici\u00f3n.<\/span><\/li>\n<\/ul>\n<ul>\n<li style=\"font-weight: 400;\" aria-level=\"1\"><span style=\"font-weight: 400;\">Finalizaci\u00f3n de la <a href=\"https:\/\/conplanmke.org\/\" target=\"_blank\" rel=\"noopener\">Plan consolidado de HUD actual de la ciudad de Milwaukee<\/a>, lanzamiento de la <a href=\"https:\/\/www.renthelpmke.org\/\" target=\"_blank\" rel=\"noopener\">Centro de recursos de vivienda de alquiler de Milwaukee<\/a>, y el apoyo de la CDA y <a href=\"https:\/\/www.housingplan.org\/\" target=\"_blank\" rel=\"noopener\">Plan Colectivo de Vivienda Asequible de Milwaukee<\/a>.<\/span><\/li>\n<\/ul>\n<p><span style=\"font-weight: 400;\">Despu\u00e9s de experimentar el crecimiento del programa y del personal durante m\u00e1s de 2 a\u00f1os, dos de nuestro personal hicieron la transici\u00f3n para buscar nuevas oportunidades con socios estatales. Estamos emocionados de ver a Johanna Jim\u00e9nez continuar liderando el lanzamiento de Take Root Wisconsin y Jessica Wetzel apoyando el crecimiento y el impacto del Programa de Ahorros Universitarios del Estado de Wisconsin. \u00a1Realmente apreciamos todo lo que han hecho para apoyar a UEDA!<\/span><\/p>\n<p><span style=\"font-weight: 400;\">En noviembre le dimos la bienvenida a Kat Klawes como nuestra Coordinadora de Comunicaciones y Eventos y esperamos agregar a nuestro pr\u00f3ximo Director del Programa Take Root Milwaukee para fines de febrero de 2022.<\/span><\/p>\n<p><span style=\"font-weight: 400;\">Aseg\u00farese de marcar sus calendarios y unirse a nosotros para <\/span><span style=\"color: #800080;\"><b>Semana del Carnaval de Milwaukee<\/b><\/span><span style=\"font-weight: 400;\">, la recaudaci\u00f3n de fondos anual de UEDA, que se llevar\u00e1 a cabo <\/span><span style=\"color: #008000;\"><b>28 de febrero al 4 de marzo de 2022<\/b><\/span><span style=\"font-weight: 400;\">.\u00a0<\/span><\/p>\n<p><span style=\"font-weight: 400;\">Si bien 2021 continu\u00f3 trayendo desaf\u00edos, tambi\u00e9n ofreci\u00f3 muchos momentos de inspiraci\u00f3n. <\/span><\/p>\n<p><span style=\"color: #3bbfad;\"><b>\u00a1GRACIAS a todos por su inter\u00e9s, compromiso y apoyo a UEDA!<\/b><\/span><\/p>\n<p><span style=\"font-weight: 400;\">El personal y la junta directiva de UEDA<\/span><\/p>","protected":false},"excerpt":{"rendered":"<p>A fines de 2021, reflexionamos sobre el trabajo inspirador del que formamos parte en la Comunidad UEDA, aprovechamos la oportunidad para agradecer a nuestros miembros y socios, y compartimos nuestro optimismo sobre qu\u00e9 esperar en 2022. Vea nuestro mensaje de video de A\u00f1o Nuevo aqu\u00ed. Tambi\u00e9n te invitamos a ver nuestra UEDA 2021...<\/p>","protected":false},"author":1,"featured_media":0,"comment_status":"closed","ping_status":"open","sticky":false,"template":"","format":"standard","meta":{"_acf_changed":false,"footnotes":""},"categories":[5],"tags":[13,14],"class_list":["post-491","post","type-post","status-publish","format-standard","hentry","category-news-and-events","tag-brand","tag-news"],"acf":[],"_links":{"self":[{"href":"https:\/\/www.uedawi.org\/es\/wp-json\/wp\/v2\/posts\/491","targetHints":{"allow":["GET"]}}],"collection":[{"href":"https:\/\/www.uedawi.org\/es\/wp-json\/wp\/v2\/posts"}],"about":[{"href":"https:\/\/www.uedawi.org\/es\/wp-json\/wp\/v2\/types\/post"}],"author":[{"embeddable":true,"href":"https:\/\/www.uedawi.org\/es\/wp-json\/wp\/v2\/users\/1"}],"replies":[{"embeddable":true,"href":"https:\/\/www.uedawi.org\/es\/wp-json\/wp\/v2\/comments?post=491"}],"version-history":[{"count":7,"href":"https:\/\/www.uedawi.org\/es\/wp-json\/wp\/v2\/posts\/491\/revisions"}],"predecessor-version":[{"id":697,"href":"https:\/\/www.uedawi.org\/es\/wp-json\/wp\/v2\/posts\/491\/revisions\/697"}],"wp:attachment":[{"href":"https:\/\/www.uedawi.org\/es\/wp-json\/wp\/v2\/media?parent=491"}],"wp:term":[{"taxonomy":"category","embeddable":true,"href":"https:\/\/www.uedawi.org\/es\/wp-json\/wp\/v2\/categories?post=491"},{"taxonomy":"post_tag","embeddable":true,"href":"https:\/\/www.uedawi.org\/es\/wp-json\/wp\/v2\/tags?post=491"}],"curies":[{"name":"gracias","href":"https:\/\/api.w.org\/{rel}","templated":true}]}}